{"id":354,"date":"2019-10-10T12:11:46","date_gmt":"2019-10-10T10:11:46","guid":{"rendered":"https:\/\/www.axalingua.com\/?p=354"},"modified":"2021-02-03T14:25:58","modified_gmt":"2021-02-03T12:25:58","slug":"new-products-added","status":"publish","type":"post","link":"https:\/\/www.axalingua.com\/es\/tutoring\/new-products-added\/","title":{"rendered":"Hoy es el \u00faltimo d\u00eda del curso intensivo."},"content":{"rendered":"<p><span style=\"font-weight: 400;\">Hoy era el \u00faltimo d\u00eda de nuestro <strong>curso intensivo de oto\u00f1o<\/strong>. Todos nuestros alumnos han aprendido mucho durante estas dos semanas de clase de espa\u00f1ol en <strong>peque\u00f1os grupos de diferentes niveles<\/strong> (de principiante a B2) impartidas en nuestro centro de Colmenar por nuestros profesores Nico, Noelia, Inma y Roc\u00edo.\u00a0<\/span><\/p>\n<p><span style=\"font-weight: 400;\">Hemos despedido el curso con un <strong>desayuno con churros en la plaza de Espa\u00f1a<\/strong> y la entrega de los <strong>certificados de asistencia.<\/strong><\/span><\/p>\n<p><span style=\"font-weight: 400;\">Ha sido un placer reencontrarnos con nuestros alumnos habituales que no se pierden ninguna de las ediciones de nuestros cursos intensivos y recibir a estudiantes nuevos de <strong>B\u00e9lgica, Holanda e Inglaterra<\/strong>.\u00a0<\/span><\/p>\n<p><span style=\"font-weight: 400;\">Adem\u00e1s de las clases de espa\u00f1ol, estas dos semanas han sido una oportunidad para los alumnos venidos del extranjero de descubrir <strong>el t\u00edpico pueblo de Colmenar con sus costumbres<\/strong>. <\/span><span style=\"font-weight: 400;\">Como ya es tradici\u00f3n, los profesores les han acompa\u00f1ado en esta visita de las calles del Pueblo despu\u00e9s del primer d\u00eda de clase.<\/span><\/p>\n<p><span style=\"font-weight: 400;\">Os invitamos a seguir practicando espa\u00f1ol gracias a nuestros packs de clases privadas (en la escuela o por videoconferencia) hasta la pr\u00f3xima edici\u00f3n del curso intensivo en Mayo.\u00a0<\/span><\/p>\n<p><span style=\"font-weight: 400;\">Ya pod\u00e9is consultar las fechas de los pr\u00f3ximos cursos intensivos: <\/span><\/p>\n<h6><span style=\"font-weight: 400;\">https:\/\/www.axalingua.com\/cursos-intensivos\/<\/span><\/h6>\n","protected":false},"excerpt":{"rendered":"<p>Hoy era el \u00faltimo d\u00eda de nuestro curso intensivo de oto\u00f1o. Todos nuestros alumnos han aprendido mucho durante estas dos semanas de clase de espa\u00f1ol en peque\u00f1os grupos de diferentes niveles (de principiante a B2) impartidas en nuestro centro de<\/p>\n","protected":false},"author":1,"featured_media":1472,"comment_status":"open","ping_status":"open","sticky":false,"template":"","format":"standard","meta":{"footnotes":""},"categories":[2],"tags":[],"class_list":["post-354","post","type-post","status-publish","format-standard","has-post-thumbnail","hentry","category-tutoring"],"yoast_head":"<!-- This site is optimized with the Yoast SEO plugin v27.2 - https:\/\/yoast.com\/product\/yoast-seo-wordpress\/ -->\n<title>Hoy es el \u00faltimo d\u00eda del curso intensivo. - Axalingua. Cursos de ingl&eacute;s, franc&eacute;s y alem&aacute;n.<\/title>\n<meta name=\"robots\" content=\"index, follow, max-snippet:-1, max-image-preview:large, max-video-preview:-1\" \/>\n<link rel=\"canonical\" href=\"https:\/\/www.axalingua.com\/es\/tutoring\/new-products-added\/\" \/>\n<meta property=\"og:locale\" content=\"es_ES\" \/>\n<meta property=\"og:type\" content=\"article\" \/>\n<meta property=\"og:title\" content=\"Hoy es el \u00faltimo d\u00eda del curso intensivo. - Axalingua. Cursos de ingl&eacute;s, franc&eacute;s y alem&aacute;n.\" \/>\n<meta property=\"og:description\" content=\"Hoy era el \u00faltimo d\u00eda de nuestro curso intensivo de oto\u00f1o. Todos nuestros alumnos han aprendido mucho durante estas dos semanas de clase de espa\u00f1ol en peque\u00f1os grupos de diferentes niveles (de principiante a B2) impartidas en nuestro centro de\" \/>\n<meta property=\"og:url\" content=\"https:\/\/www.axalingua.com\/es\/tutoring\/new-products-added\/\" \/>\n<meta property=\"og:site_name\" content=\"Axalingua. Cursos de ingl&eacute;s, franc&eacute;s y alem&aacute;n.\" \/>\n<meta property=\"article:published_time\" content=\"2019-10-10T10:11:46+00:00\" \/>\n<meta property=\"article:modified_time\" content=\"2021-02-03T12:25:58+00:00\" \/>\n<meta property=\"og:image\" content=\"https:\/\/www.axalingua.com\/wp-content\/uploads\/2020\/05\/7.jpg\" \/>\n\t<meta property=\"og:image:width\" content=\"1920\" \/>\n\t<meta property=\"og:image:height\" content=\"1080\" \/>\n\t<meta property=\"og:image:type\" content=\"image\/jpeg\" \/>\n<meta name=\"author\" content=\"admin\" \/>\n<meta name=\"twitter:card\" content=\"summary_large_image\" \/>\n<meta name=\"twitter:label1\" content=\"Escrito por\" \/>\n\t<meta name=\"twitter:data1\" content=\"admin\" \/>\n\t<meta name=\"twitter:label2\" content=\"Tiempo de lectura\" \/>\n\t<meta name=\"twitter:data2\" content=\"1 minuto\" \/>\n<script type=\"application\/ld+json\" class=\"yoast-schema-graph\">{\"@context\":\"https:\/\/schema.org\",\"@graph\":[{\"@type\":\"Article\",\"@id\":\"https:\/\/www.axalingua.com\/es\/tutoring\/new-products-added\/#article\",\"isPartOf\":{\"@id\":\"https:\/\/www.axalingua.com\/es\/tutoring\/new-products-added\/\"},\"author\":{\"name\":\"admin\",\"@id\":\"https:\/\/www.axalingua.com\/es\/#\/schema\/person\/46f699279539916f5115e98bc84d5235\"},\"headline\":\"Hoy es el \u00faltimo d\u00eda del curso intensivo.\",\"datePublished\":\"2019-10-10T10:11:46+00:00\",\"dateModified\":\"2021-02-03T12:25:58+00:00\",\"mainEntityOfPage\":{\"@id\":\"https:\/\/www.axalingua.com\/es\/tutoring\/new-products-added\/\"},\"wordCount\":225,\"commentCount\":0,\"image\":{\"@id\":\"https:\/\/www.axalingua.com\/es\/tutoring\/new-products-added\/#primaryimage\"},\"thumbnailUrl\":\"https:\/\/www.axalingua.com\/wp-content\/uploads\/2020\/05\/7.jpg\",\"articleSection\":[\"Tutoring\"],\"inLanguage\":\"es\",\"potentialAction\":[{\"@type\":\"CommentAction\",\"name\":\"Comment\",\"target\":[\"https:\/\/www.axalingua.com\/es\/tutoring\/new-products-added\/#respond\"]}]},{\"@type\":\"WebPage\",\"@id\":\"https:\/\/www.axalingua.com\/es\/tutoring\/new-products-added\/\",\"url\":\"https:\/\/www.axalingua.com\/es\/tutoring\/new-products-added\/\",\"name\":\"Hoy es el \u00faltimo d\u00eda del curso intensivo. - Axalingua. Cursos de ingl&eacute;s, franc&eacute;s y alem&aacute;n.\",\"isPartOf\":{\"@id\":\"https:\/\/www.axalingua.com\/es\/#website\"},\"primaryImageOfPage\":{\"@id\":\"https:\/\/www.axalingua.com\/es\/tutoring\/new-products-added\/#primaryimage\"},\"image\":{\"@id\":\"https:\/\/www.axalingua.com\/es\/tutoring\/new-products-added\/#primaryimage\"},\"thumbnailUrl\":\"https:\/\/www.axalingua.com\/wp-content\/uploads\/2020\/05\/7.jpg\",\"datePublished\":\"2019-10-10T10:11:46+00:00\",\"dateModified\":\"2021-02-03T12:25:58+00:00\",\"author\":{\"@id\":\"https:\/\/www.axalingua.com\/es\/#\/schema\/person\/46f699279539916f5115e98bc84d5235\"},\"breadcrumb\":{\"@id\":\"https:\/\/www.axalingua.com\/es\/tutoring\/new-products-added\/#breadcrumb\"},\"inLanguage\":\"es\",\"potentialAction\":[{\"@type\":\"ReadAction\",\"target\":[\"https:\/\/www.axalingua.com\/es\/tutoring\/new-products-added\/\"]}]},{\"@type\":\"ImageObject\",\"inLanguage\":\"es\",\"@id\":\"https:\/\/www.axalingua.com\/es\/tutoring\/new-products-added\/#primaryimage\",\"url\":\"https:\/\/www.axalingua.com\/wp-content\/uploads\/2020\/05\/7.jpg\",\"contentUrl\":\"https:\/\/www.axalingua.com\/wp-content\/uploads\/2020\/05\/7.jpg\",\"width\":1920,\"height\":1080},{\"@type\":\"BreadcrumbList\",\"@id\":\"https:\/\/www.axalingua.com\/es\/tutoring\/new-products-added\/#breadcrumb\",\"itemListElement\":[{\"@type\":\"ListItem\",\"position\":1,\"name\":\"Portada\",\"item\":\"https:\/\/www.axalingua.com\/es\/\"},{\"@type\":\"ListItem\",\"position\":2,\"name\":\"Hoy es el \u00faltimo d\u00eda del curso intensivo.\"}]},{\"@type\":\"WebSite\",\"@id\":\"https:\/\/www.axalingua.com\/es\/#website\",\"url\":\"https:\/\/www.axalingua.com\/es\/\",\"name\":\"Axalingua. Cursos de ingl&eacute;s, franc&eacute;s y alem&aacute;n.\",\"description\":\"Cursos de espa&ntilde;ol en Andalucia. Aprende espa&ntilde;ol en Colmenar, un precioso pueblo blanco en la Alta Axarqu&iacute;a, al lado del parque natural de los Montes de M&aacute;laga.\",\"potentialAction\":[{\"@type\":\"SearchAction\",\"target\":{\"@type\":\"EntryPoint\",\"urlTemplate\":\"https:\/\/www.axalingua.com\/es\/?s={search_term_string}\"},\"query-input\":{\"@type\":\"PropertyValueSpecification\",\"valueRequired\":true,\"valueName\":\"search_term_string\"}}],\"inLanguage\":\"es\"},{\"@type\":\"Person\",\"@id\":\"https:\/\/www.axalingua.com\/es\/#\/schema\/person\/46f699279539916f5115e98bc84d5235\",\"name\":\"admin\",\"image\":{\"@type\":\"ImageObject\",\"inLanguage\":\"es\",\"@id\":\"https:\/\/secure.gravatar.com\/avatar\/7668af25920a622f22bf08bd8af5318fd462bcde7446e11a8a7baf9e3873c3ed?s=96&d=mm&r=g\",\"url\":\"https:\/\/secure.gravatar.com\/avatar\/7668af25920a622f22bf08bd8af5318fd462bcde7446e11a8a7baf9e3873c3ed?s=96&d=mm&r=g\",\"contentUrl\":\"https:\/\/secure.gravatar.com\/avatar\/7668af25920a622f22bf08bd8af5318fd462bcde7446e11a8a7baf9e3873c3ed?s=96&d=mm&r=g\",\"caption\":\"admin\"},\"sameAs\":[\"https:\/\/www.axalingua.com\"],\"url\":\"https:\/\/www.axalingua.com\/es\/author\/admin\/\"}]}<\/script>\n<!-- \/ Yoast SEO plugin. -->","yoast_head_json":{"title":"Hoy es el \u00faltimo d\u00eda del curso intensivo. - Axalingua. Cursos de ingl&eacute;s, franc&eacute;s y alem&aacute;n.","robots":{"index":"index","follow":"follow","max-snippet":"max-snippet:-1","max-image-preview":"max-image-preview:large","max-video-preview":"max-video-preview:-1"},"canonical":"https:\/\/www.axalingua.com\/es\/tutoring\/new-products-added\/","og_locale":"es_ES","og_type":"article","og_title":"Hoy es el \u00faltimo d\u00eda del curso intensivo. - Axalingua. Cursos de ingl&eacute;s, franc&eacute;s y alem&aacute;n.","og_description":"Hoy era el \u00faltimo d\u00eda de nuestro curso intensivo de oto\u00f1o. Todos nuestros alumnos han aprendido mucho durante estas dos semanas de clase de espa\u00f1ol en peque\u00f1os grupos de diferentes niveles (de principiante a B2) impartidas en nuestro centro de","og_url":"https:\/\/www.axalingua.com\/es\/tutoring\/new-products-added\/","og_site_name":"Axalingua. Cursos de ingl&eacute;s, franc&eacute;s y alem&aacute;n.","article_published_time":"2019-10-10T10:11:46+00:00","article_modified_time":"2021-02-03T12:25:58+00:00","og_image":[{"width":1920,"height":1080,"url":"https:\/\/www.axalingua.com\/wp-content\/uploads\/2020\/05\/7.jpg","type":"image\/jpeg"}],"author":"admin","twitter_card":"summary_large_image","twitter_misc":{"Escrito por":"admin","Tiempo de lectura":"1 minuto"},"schema":{"@context":"https:\/\/schema.org","@graph":[{"@type":"Article","@id":"https:\/\/www.axalingua.com\/es\/tutoring\/new-products-added\/#article","isPartOf":{"@id":"https:\/\/www.axalingua.com\/es\/tutoring\/new-products-added\/"},"author":{"name":"admin","@id":"https:\/\/www.axalingua.com\/es\/#\/schema\/person\/46f699279539916f5115e98bc84d5235"},"headline":"Hoy es el \u00faltimo d\u00eda del curso intensivo.","datePublished":"2019-10-10T10:11:46+00:00","dateModified":"2021-02-03T12:25:58+00:00","mainEntityOfPage":{"@id":"https:\/\/www.axalingua.com\/es\/tutoring\/new-products-added\/"},"wordCount":225,"commentCount":0,"image":{"@id":"https:\/\/www.axalingua.com\/es\/tutoring\/new-products-added\/#primaryimage"},"thumbnailUrl":"https:\/\/www.axalingua.com\/wp-content\/uploads\/2020\/05\/7.jpg","articleSection":["Tutoring"],"inLanguage":"es","potentialAction":[{"@type":"CommentAction","name":"Comment","target":["https:\/\/www.axalingua.com\/es\/tutoring\/new-products-added\/#respond"]}]},{"@type":"WebPage","@id":"https:\/\/www.axalingua.com\/es\/tutoring\/new-products-added\/","url":"https:\/\/www.axalingua.com\/es\/tutoring\/new-products-added\/","name":"Hoy es el \u00faltimo d\u00eda del curso intensivo. - Axalingua. Cursos de ingl&eacute;s, franc&eacute;s y alem&aacute;n.","isPartOf":{"@id":"https:\/\/www.axalingua.com\/es\/#website"},"primaryImageOfPage":{"@id":"https:\/\/www.axalingua.com\/es\/tutoring\/new-products-added\/#primaryimage"},"image":{"@id":"https:\/\/www.axalingua.com\/es\/tutoring\/new-products-added\/#primaryimage"},"thumbnailUrl":"https:\/\/www.axalingua.com\/wp-content\/uploads\/2020\/05\/7.jpg","datePublished":"2019-10-10T10:11:46+00:00","dateModified":"2021-02-03T12:25:58+00:00","author":{"@id":"https:\/\/www.axalingua.com\/es\/#\/schema\/person\/46f699279539916f5115e98bc84d5235"},"breadcrumb":{"@id":"https:\/\/www.axalingua.com\/es\/tutoring\/new-products-added\/#breadcrumb"},"inLanguage":"es","potentialAction":[{"@type":"ReadAction","target":["https:\/\/www.axalingua.com\/es\/tutoring\/new-products-added\/"]}]},{"@type":"ImageObject","inLanguage":"es","@id":"https:\/\/www.axalingua.com\/es\/tutoring\/new-products-added\/#primaryimage","url":"https:\/\/www.axalingua.com\/wp-content\/uploads\/2020\/05\/7.jpg","contentUrl":"https:\/\/www.axalingua.com\/wp-content\/uploads\/2020\/05\/7.jpg","width":1920,"height":1080},{"@type":"BreadcrumbList","@id":"https:\/\/www.axalingua.com\/es\/tutoring\/new-products-added\/#breadcrumb","itemListElement":[{"@type":"ListItem","position":1,"name":"Portada","item":"https:\/\/www.axalingua.com\/es\/"},{"@type":"ListItem","position":2,"name":"Hoy es el \u00faltimo d\u00eda del curso intensivo."}]},{"@type":"WebSite","@id":"https:\/\/www.axalingua.com\/es\/#website","url":"https:\/\/www.axalingua.com\/es\/","name":"Axalingua. Cursos de ingl&eacute;s, franc&eacute;s y alem&aacute;n.","description":"Cursos de espa&ntilde;ol en Andalucia. Aprende espa&ntilde;ol en Colmenar, un precioso pueblo blanco en la Alta Axarqu&iacute;a, al lado del parque natural de los Montes de M&aacute;laga.","potentialAction":[{"@type":"SearchAction","target":{"@type":"EntryPoint","urlTemplate":"https:\/\/www.axalingua.com\/es\/?s={search_term_string}"},"query-input":{"@type":"PropertyValueSpecification","valueRequired":true,"valueName":"search_term_string"}}],"inLanguage":"es"},{"@type":"Person","@id":"https:\/\/www.axalingua.com\/es\/#\/schema\/person\/46f699279539916f5115e98bc84d5235","name":"admin","image":{"@type":"ImageObject","inLanguage":"es","@id":"https:\/\/secure.gravatar.com\/avatar\/7668af25920a622f22bf08bd8af5318fd462bcde7446e11a8a7baf9e3873c3ed?s=96&d=mm&r=g","url":"https:\/\/secure.gravatar.com\/avatar\/7668af25920a622f22bf08bd8af5318fd462bcde7446e11a8a7baf9e3873c3ed?s=96&d=mm&r=g","contentUrl":"https:\/\/secure.gravatar.com\/avatar\/7668af25920a622f22bf08bd8af5318fd462bcde7446e11a8a7baf9e3873c3ed?s=96&d=mm&r=g","caption":"admin"},"sameAs":["https:\/\/www.axalingua.com"],"url":"https:\/\/www.axalingua.com\/es\/author\/admin\/"}]}},"_links":{"self":[{"href":"https:\/\/www.axalingua.com\/es\/wp-json\/wp\/v2\/posts\/354","targetHints":{"allow":["GET"]}}],"collection":[{"href":"https:\/\/www.axalingua.com\/es\/wp-json\/wp\/v2\/posts"}],"about":[{"href":"https:\/\/www.axalingua.com\/es\/wp-json\/wp\/v2\/types\/post"}],"author":[{"embeddable":true,"href":"https:\/\/www.axalingua.com\/es\/wp-json\/wp\/v2\/users\/1"}],"replies":[{"embeddable":true,"href":"https:\/\/www.axalingua.com\/es\/wp-json\/wp\/v2\/comments?post=354"}],"version-history":[{"count":8,"href":"https:\/\/www.axalingua.com\/es\/wp-json\/wp\/v2\/posts\/354\/revisions"}],"predecessor-version":[{"id":1505,"href":"https:\/\/www.axalingua.com\/es\/wp-json\/wp\/v2\/posts\/354\/revisions\/1505"}],"wp:featuredmedia":[{"embeddable":true,"href":"https:\/\/www.axalingua.com\/es\/wp-json\/wp\/v2\/media\/1472"}],"wp:attachment":[{"href":"https:\/\/www.axalingua.com\/es\/wp-json\/wp\/v2\/media?parent=354"}],"wp:term":[{"taxonomy":"category","embeddable":true,"href":"https:\/\/www.axalingua.com\/es\/wp-json\/wp\/v2\/categories?post=354"},{"taxonomy":"post_tag","embeddable":true,"href":"https:\/\/www.axalingua.com\/es\/wp-json\/wp\/v2\/tags?post=354"}],"curies":[{"name":"wp","href":"https:\/\/api.w.org\/{rel}","templated":true}]}}